{"provider_url": "https://www.saojoaodalagoa.mg.leg.br", "title": "Outubro Rosa", "html": "<div class=\"conteudo-noticia\">\r\n<p>utubro chegou e com ele a campanha do \"Outubro Rosa\" busca levar conscientiza\u00e7\u00e3o sobre a import\u00e2ncia da preven\u00e7\u00e3o e do diagn\u00f3stico precoce do c\u00e2ncer de mama\u00a0<a name=\"_Hlk178854850\"></a>e de colo do \u00fatero! Este m\u00eas nos lembra da import\u00e2ncia de cuidar da nossa sa\u00fade, pois o diagn\u00f3stico precoce pode mudar hist\u00f3rias e salvar vidas.</p>\r\n<p>Conforme informa\u00e7\u00f5es divulgadas pelo Minist\u00e9rio da Sa\u00fade e pelo Instituto Nacional do C\u00e2ncer, foram estimados 73,6 mil novos casos de c\u00e2ncer de mama em 2024, com um risco de 66,54 casos a cada 100 mil mulheres. J\u00e1 com rela\u00e7\u00e3o ao c\u00e2ncer do colo do \u00fatero, s\u00e3o estimados 17 mil novos casos por ano, o que corresponde a uma taxa de incid\u00eancia de 15,38 casos a cada 100 mil mulheres.\u00a0</p>\r\n<p>O autoexame, a mamografia e consultas regulares ao ginecologista s\u00e3o ferramentas essenciais para identificar qualquer altera\u00e7\u00e3o nos seios e no colo do \u00fatero e agir rapidamente. Prevenir \u00e9 sempre o melhor caminho!</p>\r\n<ul>\r\n<li>Previna-se: agende seus exames e consulte um profissional de sa\u00fade.</li>\r\n</ul>\r\n<p>\u00a0</p>\r\n<ul>\r\n<li>Conscientize-se: fique atenta aos sinais do seu corpo e pratique o autocuidado.</li>\r\n</ul>\r\n<p>\u00a0</p>\r\n<ul>\r\n<li>Compartilhe essa causa: incentive amigas, m\u00e3es, av\u00f3s, irm\u00e3s e colegas a fazerem o mesmo.</li>\r\n</ul>\r\n<p>\u00a0</p>\r\n<p>Juntas, somos mais fortes nessa luta! N\u00e3o deixe para depois, cuide-se hoje.</p>\r\n<p>\u00a0</p>\r\n<p>Fonte das informa\u00e7\u00f5es contidas no texto:\u00a0<span><a href=\"https://www.gov.br/saude/pt-br/assuntos/noticias/2024/outubro/outubro-rosa-ministerio-da-saude-lanca-campanha-e-reforca-autocuidado\">https://www.gov.br/saude/pt-br/assuntos/noticias/2024/outubro/outubro-rosa-ministerio-da-saude-lanca-campanha-e-reforca-autocuidado</a></span></p>\r\n<div></div>\r\n</div>", "author_name": "Interlegis", "version": "1.0", "author_url": "https://www.saojoaodalagoa.mg.leg.br/author/Interlegis", "provider_name": "C\u00e2mara Municipal S\u00e3o Jo\u00e3o da Lagoa ", "type": "rich"}